{"id":989,"date":"2023-04-19T17:39:00","date_gmt":"2023-04-19T16:39:00","guid":{"rendered":"https:\/\/www.lmb86.fr\/lycee\/?p=989"},"modified":"2023-06-19T18:49:52","modified_gmt":"2023-06-19T17:49:52","slug":"projet-pedagogique-venetie","status":"publish","type":"post","link":"https:\/\/www.lmb86.fr\/lycee\/projet-pedagogique-venetie\/","title":{"rendered":"Projet P\u00e9dagogique\u00a0: V\u00c9N\u00c9TIE"},"content":{"rendered":"\n<p>Ce sont pr\u00e8s de 50 lyc\u00e9ens italianistes du lyc\u00e9e Marcelin Berthelot qui ont pu aller d\u00e9couvrir l\u2019Italie du Nord (V\u00e9n\u00e9tie) durant une semaine, du 5 au 10 mars 2023.<\/p>\n\n\n\n<p>Apr\u00e8s un report de deux ans pour cause de virus, le voyage \u00e0 destination de l&rsquo;Italie a enfin pu \u00eatre organis\u00e9 par Mme Baliteau, professeure d&rsquo;italien. Il s\u2019inscrivait dans une d\u00e9marche d\u2019interdisciplinarit\u00e9 avec les professeurs d&rsquo;histoire g\u00e9ographie, de SVT et de lettres modernes sur le th\u00e8me de la M\u00e9diterran\u00e9e.<\/p>\n\n\n\n<figure class=\"wp-block-image aligncenter size-full\"><img loading=\"lazy\" decoding=\"async\" width=\"640\" height=\"415\" src=\"https:\/\/www.lmb86.fr\/lycee\/wp-content\/uploads\/2023\/06\/Italie23-2_reduit.jpg\" alt=\"\" class=\"wp-image-992\" srcset=\"https:\/\/www.lmb86.fr\/lycee\/wp-content\/uploads\/2023\/06\/Italie23-2_reduit.jpg 640w, https:\/\/www.lmb86.fr\/lycee\/wp-content\/uploads\/2023\/06\/Italie23-2_reduit-300x195.jpg 300w\" sizes=\"auto, (max-width: 640px) 100vw, 640px\" \/><\/figure>\n\n\n\n<p> <\/p>\n\n\n\n<div class=\"wp-block-media-text alignwide has-media-on-the-right is-stacked-on-mobile\" style=\"grid-template-columns:auto 33%\"><div class=\"wp-block-media-text__content\">\n<p style=\"margin-top:var(--wp--preset--spacing--30);margin-right:var(--wp--preset--spacing--30);margin-bottom:var(--wp--preset--spacing--30);margin-left:var(--wp--preset--spacing--30);padding-top:var(--wp--preset--spacing--50);padding-right:var(--wp--preset--spacing--50);padding-bottom:var(--wp--preset--spacing--50);padding-left:var(--wp--preset--spacing--50)\">Le voyage s&rsquo;est d\u00e9roul\u00e9 en trois grandes \u00e9tapes : tout d&rsquo;abord la  mythique Venise avec une arriv\u00e9e par le Grand Canal en vaporetto jusqu&rsquo;\u00e0  la place San Marco pour une d\u00e9couverte inoubliable de la S\u00e9r\u00e9nissime.<\/p>\n<\/div><figure class=\"wp-block-media-text__media\"><img loading=\"lazy\" decoding=\"async\" width=\"350\" height=\"315\" src=\"https:\/\/www.lmb86.fr\/lycee\/wp-content\/uploads\/2023\/06\/Italie23-1_reduit.jpg\" alt=\"\" class=\"wp-image-991 size-full\" srcset=\"https:\/\/www.lmb86.fr\/lycee\/wp-content\/uploads\/2023\/06\/Italie23-1_reduit.jpg 350w, https:\/\/www.lmb86.fr\/lycee\/wp-content\/uploads\/2023\/06\/Italie23-1_reduit-300x270.jpg 300w\" sizes=\"auto, (max-width: 350px) 100vw, 350px\" \/><\/figure><\/div>\n\n\n\n<p><\/p>\n\n\n\n<p><\/p>\n\n\n\n<p>Nous avons ensuite visit\u00e9 la basilique, le palais des Doges, le pont des Soupirs, le pont du Rialto, le th\u00e9\u00e2tre de la Fenice, le ghetto juif, etc. C&rsquo;\u00e9tait l&rsquo;occasion d&rsquo;aborder l&rsquo;importance de l&rsquo;eau, de la ville dans le monde byzantin et des enjeux \u00e9conomiques d&rsquo;aujourd&rsquo;hui. <\/p>\n\n\n\n<figure class=\"wp-block-image aligncenter size-full\"><img loading=\"lazy\" decoding=\"async\" width=\"400\" height=\"533\" src=\"https:\/\/www.lmb86.fr\/lycee\/wp-content\/uploads\/2023\/06\/Italie23-4_reduit.jpg\" alt=\"\" class=\"wp-image-997\" srcset=\"https:\/\/www.lmb86.fr\/lycee\/wp-content\/uploads\/2023\/06\/Italie23-4_reduit.jpg 400w, https:\/\/www.lmb86.fr\/lycee\/wp-content\/uploads\/2023\/06\/Italie23-4_reduit-225x300.jpg 225w\" sizes=\"auto, (max-width: 400px) 100vw, 400px\" \/><\/figure>\n\n\n\n<p>Nous avons \u00e9galement pu embarquer vers les \u00eeles de la lagune pour un moment de d\u00e9couverte artistique avec la fabrique de verre (Murano) et de d\u00e9tente loin de la foule (Burano). Les \u00e9l\u00e8ves ont enfin pu admirer de nombreuses oeuvres de grands ma\u00eetres de la peinture v\u00e9nitienne et ainsi \u00eatre sensibilis\u00e9s \u00e0 l&rsquo;art de la fin de la Renaissance.<\/p>\n\n\n\n<p>Tout voyage en Italie est aussi une rencontre avec l&rsquo;histoire de ce pays. Par cons\u00e9quent, les \u00e9l\u00e8ves ont pu se rendre dans la zone du conflit de la premi\u00e8re guerre mondiale, o\u00f9 nous avons \u00e9voqu\u00e9 le r\u00f4le de l&rsquo;Italie dans cette guerre, souvent m\u00e9connu. Ils ont d\u00e9couvert le Mus\u00e9e de la bataille de Vittorio Veneto dont le but est de raconter et non d&rsquo;expliquer \u00e0 travers un parcours sensoriel et immersif \u00e9tonnant.<\/p>\n\n\n\n<figure class=\"wp-block-table\"><table><tbody><tr><td><img decoding=\"async\" src=\"https:\/\/www.lmb86.fr\/lycee\/wp-content\/uploads\/2023\/06\/Italie23-5_reduit.jpg\" alt=\"\"><\/td><td><img decoding=\"async\" src=\"https:\/\/www.lmb86.fr\/lycee\/wp-content\/uploads\/2023\/06\/Italie23-6_reduit.jpg\" alt=\"\"><\/td><\/tr><\/tbody><\/table><\/figure>\n\n\n\n<p>Enfin, nous avons visit\u00e9 des villes moins touristiques mais tout autant attractives et pleines d&rsquo;histoire comme Tr\u00e9vise, qui a permis d&rsquo;aborder l&rsquo;occupation autrichienne et l&rsquo;unification italienne, ou Padoue, ville universitaire au rayonnement international depuis sa fondation gr\u00e2ce \u00e0 des personnalit\u00e9s scientifiques et litt\u00e9raires de grande renomm\u00e9e.<\/p>\n\n\n\n<p>Le trajet a \u00e9t\u00e9 effectu\u00e9 en bus et les \u00e9l\u00e8ves ont \u00e9t\u00e9 log\u00e9s dans des familles h\u00f4tesses tr\u00e8s accueillantes avec lesquelles ils ont pu \u00e9changer sur diff\u00e9rents th\u00e8mes d&rsquo;actualit\u00e9 et cuisiner eux-m\u00eames leurs pizzas ! Ils ont ainsi pu se construire de nombreux souvenirs, cr\u00e9er une coh\u00e9sion de groupe et vivre une exp\u00e9rience enrichissante du point de vue de l&rsquo;autonomie personnelle et de l&rsquo;ouverture \u00e0 l&rsquo;autre.<\/p>\n\n\n\n<figure class=\"wp-block-image aligncenter size-full\"><img loading=\"lazy\" decoding=\"async\" width=\"700\" height=\"446\" src=\"https:\/\/www.lmb86.fr\/lycee\/wp-content\/uploads\/2023\/06\/Italie23-3_reduit.jpg\" alt=\"\" class=\"wp-image-990\" srcset=\"https:\/\/www.lmb86.fr\/lycee\/wp-content\/uploads\/2023\/06\/Italie23-3_reduit.jpg 700w, https:\/\/www.lmb86.fr\/lycee\/wp-content\/uploads\/2023\/06\/Italie23-3_reduit-300x191.jpg 300w\" sizes=\"auto, (max-width: 700px) 100vw, 700px\" \/><\/figure>\n","protected":false},"excerpt":{"rendered":"<p>Ce sont pr\u00e8s de 50 lyc\u00e9ens italianistes du lyc\u00e9e Marcelin Berthelot qui ont pu aller d\u00e9couvrir l\u2019Italie du Nord (V\u00e9n\u00e9tie) durant une semaine, du 5 au 10 mars 2023. Apr\u00e8s un report de deux ans pour cause de virus, le voyage \u00e0 destination de l&rsquo;Italie a enfin pu \u00eatre organis\u00e9 par Mme Baliteau, professeure d&rsquo;italien. [&hellip;]<\/p>\n","protected":false},"author":1,"featured_media":0,"comment_status":"closed","ping_status":"open","sticky":false,"template":"","format":"standard","meta":{"footnotes":""},"categories":[47,18],"tags":[48,11,21],"class_list":["post-989","post","type-post","status-publish","format-standard","hentry","category-langues-vivantes","category-projets-pedagogiques","tag-italien","tag-langues-vivantes","tag-projet"],"_links":{"self":[{"href":"https:\/\/www.lmb86.fr\/lycee\/wp-json\/wp\/v2\/posts\/989","targetHints":{"allow":["GET"]}}],"collection":[{"href":"https:\/\/www.lmb86.fr\/lycee\/wp-json\/wp\/v2\/posts"}],"about":[{"href":"https:\/\/www.lmb86.fr\/lycee\/wp-json\/wp\/v2\/types\/post"}],"author":[{"embeddable":true,"href":"https:\/\/www.lmb86.fr\/lycee\/wp-json\/wp\/v2\/users\/1"}],"replies":[{"embeddable":true,"href":"https:\/\/www.lmb86.fr\/lycee\/wp-json\/wp\/v2\/comments?post=989"}],"version-history":[{"count":4,"href":"https:\/\/www.lmb86.fr\/lycee\/wp-json\/wp\/v2\/posts\/989\/revisions"}],"predecessor-version":[{"id":1001,"href":"https:\/\/www.lmb86.fr\/lycee\/wp-json\/wp\/v2\/posts\/989\/revisions\/1001"}],"wp:attachment":[{"href":"https:\/\/www.lmb86.fr\/lycee\/wp-json\/wp\/v2\/media?parent=989"}],"wp:term":[{"taxonomy":"category","embeddable":true,"href":"https:\/\/www.lmb86.fr\/lycee\/wp-json\/wp\/v2\/categories?post=989"},{"taxonomy":"post_tag","embeddable":true,"href":"https:\/\/www.lmb86.fr\/lycee\/wp-json\/wp\/v2\/tags?post=989"}],"curies":[{"name":"wp","href":"https:\/\/api.w.org\/{rel}","templated":true}]}}