{"id":975,"date":"2023-06-17T07:42:25","date_gmt":"2023-06-17T06:42:25","guid":{"rendered":"https:\/\/www.lmb86.fr\/lycee\/?p=975"},"modified":"2023-06-19T11:16:54","modified_gmt":"2023-06-19T10:16:54","slug":"certification-en-italien-celi","status":"publish","type":"post","link":"https:\/\/www.lmb86.fr\/lycee\/certification-en-italien-celi\/","title":{"rendered":"Certification en Italien CELI"},"content":{"rendered":"\n<figure class=\"wp-block-image aligncenter size-full\"><img loading=\"lazy\" decoding=\"async\" width=\"300\" height=\"151\" src=\"https:\/\/www.lmb86.fr\/lycee\/wp-content\/uploads\/2023\/06\/image_Celi.jpg\" alt=\"\" class=\"wp-image-976\"\/><\/figure>\n\n\n\n<p>Suite \u00e0 la r\u00e9forme du lyc\u00e9e, les diff\u00e9rentes comp\u00e9tences acquises en langues LVB ou en option Italien LVC ne sont plus sanctionn\u00e9es par des examens officiels ; seule une attestation de fr\u00e9quentation valid\u00e9e par la moyenne annuelle du contr\u00f4le continu figurera sur le livret scolaire.<\/p>\n\n\n\n<p>Par cons\u00e9quent, nous proposons aux \u00e9l\u00e8ves italianisants d\u2019attester de leur niveau de langue gr\u00e2ce \u00e0 une certification. En effet, le lyc\u00e9e Berthelot de Ch\u00e2tellerault (en association avec le lyc\u00e9e Elie Vinet de Barbezieux et d&rsquo;autres \u00e9tablissements de l&rsquo;Acad\u00e9mie) met en place la Certification CELI en direction des \u00e9l\u00e8ves \u00e9tudiant l\u2019italien (<em>CErtificati di Lingua Italiana<\/em>).<\/p>\n\n\n\n<p>Cette certification accord\u00e9e par l\u2019Universit\u00e9 de P\u00e9rouse sur la base d\u2019un examen oral et \u00e9crit, valide officiellement les 6 niveaux du CECRL en langue italienne de l&rsquo;A1 au C2. Valable sans limite de dur\u00e9e et reconnue par les Minsit\u00e8res des Affaires \u00e9trang\u00e8res italiens et fran\u00e7ais, elle est un atout non n\u00e9gligeable pour les \u00e9l\u00e8ves qui peuvent la faire valoir dans leur CV et sur ParcourSup.<\/p>\n\n\n\n<p>L\u2019examen CELI consiste en une \u00e9preuve \u00e9crite de 2 heures 20 le mardi 20 juin 2023 au matin, \u00e9valuant la compr\u00e9hension et l\u2019expression \u00e9crites ainsi que la compr\u00e9hension de l\u2019oral, et une \u00e9preuve orale de 20 minutes le 20 juin dans l&rsquo;apr\u00e8s-midi. Treize \u00e9l\u00e8ves, majoritairement des \u00e9l\u00e8ves de Premi\u00e8re LVB, se sont inscrits \u00e0 la certification cette ann\u00e9e.<\/p>\n\n\n\n<p>Le co\u00fbt de l\u2019inscription est de 80 euros par session pour le public scolaire. Le lyc\u00e9e s&rsquo;est engag\u00e9 \u00e0 financer une partie des frais d\u2019inscription des \u00e9l\u00e8ves italianisants, ainsi il a \u00e9t\u00e9 demand\u00e9 aux familles une participation de 30 \u20ac.<\/p>\n\n\n\n<p>Les annales des \u00e9preuves sont disponibles \u00e0 l&rsquo;adresse suivante : <a href=\"https:\/\/www.unistrapg.it\/node\/3278\">https:\/\/www.unistrapg.it\/node\/3278<\/a><\/p>\n\n\n\n<p>Les r\u00e9sultats sont consultables en moyenne dans les trois mois \u00e0 l\u2019adresse&nbsp;: <a href=\"http:\/\/www.cvcl.it\/extranet\/area-riservata-candidati\">http:\/\/www.cvcl.it\/extranet\/area-riservata-candidati<\/a><\/p>\n\n\n\n<p>Pour avoir acc\u00e8s aux r\u00e9sultats, il faudra ins\u00e9rer son num\u00e9ro de matricule et sa propre date de naissance. Un dipl\u00f4me sera transmis par le centre d\u2019examen apr\u00e8s publication des r\u00e9sultats.<\/p>\n\n\n\n<p>N&rsquo;h\u00e9sitez pas \u00e0 vous rapprocher de Mme Baliteau, professeure d&rsquo;italien pour de plus amples renseignements.<\/p>\n","protected":false},"excerpt":{"rendered":"<p>Suite \u00e0 la r\u00e9forme du lyc\u00e9e, les diff\u00e9rentes comp\u00e9tences acquises en langues LVB ou en option Italien LVC ne sont plus sanctionn\u00e9es par des examens officiels ; seule une attestation de fr\u00e9quentation valid\u00e9e par la moyenne annuelle du contr\u00f4le continu figurera sur le livret scolaire. Par cons\u00e9quent, nous proposons aux \u00e9l\u00e8ves italianisants d\u2019attester de leur [&hellip;]<\/p>\n","protected":false},"author":1,"featured_media":0,"comment_status":"closed","ping_status":"open","sticky":false,"template":"","format":"standard","meta":{"footnotes":""},"categories":[47],"tags":[22,48,11,32],"class_list":["post-975","post","type-post","status-publish","format-standard","hentry","category-langues-vivantes","tag-formations","tag-italien","tag-langues-vivantes","tag-options"],"_links":{"self":[{"href":"https:\/\/www.lmb86.fr\/lycee\/wp-json\/wp\/v2\/posts\/975","targetHints":{"allow":["GET"]}}],"collection":[{"href":"https:\/\/www.lmb86.fr\/lycee\/wp-json\/wp\/v2\/posts"}],"about":[{"href":"https:\/\/www.lmb86.fr\/lycee\/wp-json\/wp\/v2\/types\/post"}],"author":[{"embeddable":true,"href":"https:\/\/www.lmb86.fr\/lycee\/wp-json\/wp\/v2\/users\/1"}],"replies":[{"embeddable":true,"href":"https:\/\/www.lmb86.fr\/lycee\/wp-json\/wp\/v2\/comments?post=975"}],"version-history":[{"count":1,"href":"https:\/\/www.lmb86.fr\/lycee\/wp-json\/wp\/v2\/posts\/975\/revisions"}],"predecessor-version":[{"id":977,"href":"https:\/\/www.lmb86.fr\/lycee\/wp-json\/wp\/v2\/posts\/975\/revisions\/977"}],"wp:attachment":[{"href":"https:\/\/www.lmb86.fr\/lycee\/wp-json\/wp\/v2\/media?parent=975"}],"wp:term":[{"taxonomy":"category","embeddable":true,"href":"https:\/\/www.lmb86.fr\/lycee\/wp-json\/wp\/v2\/categories?post=975"},{"taxonomy":"post_tag","embeddable":true,"href":"https:\/\/www.lmb86.fr\/lycee\/wp-json\/wp\/v2\/tags?post=975"}],"curies":[{"name":"wp","href":"https:\/\/api.w.org\/{rel}","templated":true}]}}