{"id":915,"date":"2023-06-14T08:21:27","date_gmt":"2023-06-14T07:21:27","guid":{"rendered":"https:\/\/www.lmb86.fr\/lycee\/?p=915"},"modified":"2023-11-24T18:12:25","modified_gmt":"2023-11-24T17:12:25","slug":"la-preservation-de-la-biodiversite-et-nous-dans-tout-ca","status":"publish","type":"post","link":"https:\/\/www.lmb86.fr\/lycee\/la-preservation-de-la-biodiversite-et-nous-dans-tout-ca\/","title":{"rendered":"\u00ab\u00a0La pr\u00e9servation de la Biodiversit\u00e9\u00a0: et nous dans tout \u00e7a\u00a0?\u00a0\u00bb"},"content":{"rendered":"\n<p>Dans le cadre de l&rsquo;appel \u00e0 manifestation d&rsquo;int\u00e9r\u00eat pour les lyc\u00e9ens et apprentis, \u00ab\u00a0Sciences Grandeur Nature\u00a0\u00bb, initi\u00e9 par la R\u00e9gion Nouvelle Aquitaine, le Rectorat et la Direction r\u00e9gionale de l&rsquo;Agriculture et de la For\u00eat, deux classes du lyc\u00e9e ont travaill\u00e9 tout au long de l\u2019ann\u00e9e autour de la th\u00e9matique de la lutte contre l\u2019\u00e9rosion de la Biodiversit\u00e9.<\/p>\n\n\n\n<p>Ce projet avait pour objectif d&rsquo;encourager les jeunes \u00e0 devenir acteurs du changement climatique. Le lyc\u00e9e a b\u00e9n\u00e9fici\u00e9 d&rsquo;une subvention de la R\u00e9gion Nouvelle Aquitaine  \u00e0 hauteur de 3 550\u20ac qui a permis de financer des activit\u00e9s th\u00e9\u00e2tre et de pleine nature pour les \u00e9l\u00e8ves des secondes 1 et 7.<\/p>\n\n\n\n<p><p>Envie d\u2019en savoir plus&nbsp;? L\u2019article ci-dessous d\u00e9taille le d\u00e9roulement du projet, et en cliquant sur ce lien, vous aurez acc\u00e8s \u00e0 la vid\u00e9o associ\u00e9e&nbsp;!<\/p>\n<p>&nbsp;<\/p><\/p>\n\n\n<p><iframe loading=\"lazy\" src=\"https:\/\/drive.google.com\/file\/d\/1Kz70SO1WQ01A_M4Aukh7yUEqyUgYJrPc\/preview\" width=\"640\" height=\"480\"><\/iframe><\/p>\n<\/p>\n\n\n<div class=\"wp-block-media-text alignwide has-media-on-the-right is-stacked-on-mobile\" style=\"grid-template-columns:auto 35%\"><div class=\"wp-block-media-text__content\">\n<p>Travailler sur cette th\u00e9matique avec les jeunes n\u00e9cessite de trouver le juste milieu, afin de les alerter sans ajouter davantage d\u2019anxi\u00e9t\u00e9 \u00e0 leur quotidien. Nous avons fait le choix de l\u2019action, du terrain, de l\u2019imaginaire, pour pr\u00e9server ce qui doit l\u2019\u00eatre ENSEMBLE. Pour \u00ab&nbsp;\u00e9couter le murmure de la for\u00eat qui pousse plut\u00f4t que le bruit de l\u2019arbre qui tombe&nbsp;\u00bb<\/p>\n<\/div><figure class=\"wp-block-media-text__media\"><img loading=\"lazy\" decoding=\"async\" width=\"350\" height=\"290\" src=\"https:\/\/www.lmb86.fr\/lycee\/wp-content\/uploads\/2023\/06\/biodiversite23_2redim.jpg\" alt=\"\" class=\"wp-image-918 size-full\" srcset=\"https:\/\/www.lmb86.fr\/lycee\/wp-content\/uploads\/2023\/06\/biodiversite23_2redim.jpg 350w, https:\/\/www.lmb86.fr\/lycee\/wp-content\/uploads\/2023\/06\/biodiversite23_2redim-300x249.jpg 300w\" sizes=\"auto, (max-width: 350px) 100vw, 350px\" \/><\/figure><\/div>\n\n\n\n<figure class=\"wp-block-image aligncenter size-full\"><img loading=\"lazy\" decoding=\"async\" width=\"640\" height=\"427\" src=\"https:\/\/www.lmb86.fr\/lycee\/wp-content\/uploads\/2023\/06\/biodiversite23_3_redim.jpg\" alt=\"\" class=\"wp-image-919\" srcset=\"https:\/\/www.lmb86.fr\/lycee\/wp-content\/uploads\/2023\/06\/biodiversite23_3_redim.jpg 640w, https:\/\/www.lmb86.fr\/lycee\/wp-content\/uploads\/2023\/06\/biodiversite23_3_redim-300x200.jpg 300w\" sizes=\"auto, (max-width: 640px) 100vw, 640px\" \/><\/figure>\n\n\n\n<p>Un d\u00e9bat mouvant autour de la question \u00ab&nbsp;pr\u00e9server la biodiversit\u00e9, \u00e0 quoi \u00e7a sert&nbsp;\u00bb en cours de SVT a permis de lancer le projet. Les \u00e9l\u00e8ves ont ensuite travaill\u00e9 sur les services \u00e9cosyst\u00e9miques.<\/p>\n\n\n\n<p>Forts de cette r\u00e9flexion collective et de ces connaissances, les \u00e9l\u00e8ves des deux classes ont ensuite particip\u00e9, tout au long de l\u2019ann\u00e9e, \u00e0 des ateliers avec deux intervenantes, com\u00e9diennes au sein de la Compagnie Arlette Moreau (Marina Bouin et Marie Rimbert) afin de pr\u00e9parer un spectacle \u00e0 destination des \u00e9l\u00e8ves de CM1-CM2 de l\u2019\u00e9cole Lavoisier de Ch\u00e2tellerault.<\/p>\n\n\n\n<p>Ce spectacle, qui s\u2019est tenu le vendredi 26 mai, a captiv\u00e9 les enfants. Ils ont particip\u00e9 \u00e0 une d\u00e9ambulation, visit\u00e9 un village des m\u00e9tiers imaginaires, ils sont mont\u00e9s sur sc\u00e8ne lors d\u2019un th\u00e9\u00e2tre forum&#8230;<\/p>\n\n\n\n<figure class=\"wp-block-image aligncenter size-full\"><img loading=\"lazy\" decoding=\"async\" width=\"640\" height=\"536\" src=\"https:\/\/www.lmb86.fr\/lycee\/wp-content\/uploads\/2023\/06\/biodiversite23_4redim.jpg\" alt=\"\" class=\"wp-image-921\" srcset=\"https:\/\/www.lmb86.fr\/lycee\/wp-content\/uploads\/2023\/06\/biodiversite23_4redim.jpg 640w, https:\/\/www.lmb86.fr\/lycee\/wp-content\/uploads\/2023\/06\/biodiversite23_4redim-300x251.jpg 300w\" sizes=\"auto, (max-width: 640px) 100vw, 640px\" \/><\/figure>\n\n\n\n<p>&nbsp;<\/p>\n\n\n\n<p>Le spectacle s\u2019est cl\u00f4tur\u00e9 par la pr\u00e9sentation par la classe de 2D1 de leur travail en Fran\u00e7ais et avec les professeurs documentalistes autour du th\u00e8me de la Biodiversit\u00e9&nbsp;: \u0153uvres plastiques, audiovisuelles, sc\u00e9niques suite \u00e0 la lecture de plusieurs \u0153uvres. L\u2019apr\u00e8s-midi fut riche&nbsp;!<\/p>\n\n\n\n<figure class=\"wp-block-image aligncenter size-full\"><img loading=\"lazy\" decoding=\"async\" width=\"548\" height=\"365\" src=\"https:\/\/www.lmb86.fr\/lycee\/wp-content\/uploads\/2023\/06\/biodiversite23_6.jpg\" alt=\"\" class=\"wp-image-923\" srcset=\"https:\/\/www.lmb86.fr\/lycee\/wp-content\/uploads\/2023\/06\/biodiversite23_6.jpg 548w, https:\/\/www.lmb86.fr\/lycee\/wp-content\/uploads\/2023\/06\/biodiversite23_6-300x200.jpg 300w\" sizes=\"auto, (max-width: 548px) 100vw, 548px\" \/><\/figure>\n\n\n\n<p>Les deux classes sont all\u00e9es sur le terrain au d\u00e9but du mois de mai \u00e0 Lathus. Au programme \u00e9tude de papillons dans la prairie, randonn\u00e9e au Roc d\u2019Enfer, balade biodiversit\u00e9 (CPIE Val de Gartempe), visite de la Fermoth\u00e8que anim\u00e9e par Violaine Bardet, nuit sous la tente. De beaux souvenirs pour nos \u00e9l\u00e8ves&nbsp;!<\/p>\n\n\n\n<figure class=\"wp-block-image aligncenter size-full\"><img loading=\"lazy\" decoding=\"async\" width=\"577\" height=\"497\" src=\"https:\/\/www.lmb86.fr\/lycee\/wp-content\/uploads\/2023\/06\/biodiversite23_7.jpg\" alt=\"\" class=\"wp-image-925\" srcset=\"https:\/\/www.lmb86.fr\/lycee\/wp-content\/uploads\/2023\/06\/biodiversite23_7.jpg 577w, https:\/\/www.lmb86.fr\/lycee\/wp-content\/uploads\/2023\/06\/biodiversite23_7-300x258.jpg 300w\" sizes=\"auto, (max-width: 577px) 100vw, 577px\" \/><\/figure>\n\n\n\n<figure class=\"wp-block-image size-full\"><img loading=\"lazy\" decoding=\"async\" width=\"826\" height=\"465\" src=\"https:\/\/www.lmb86.fr\/lycee\/wp-content\/uploads\/2023\/06\/biodiversite23_8.jpg\" alt=\"\" class=\"wp-image-926\" srcset=\"https:\/\/www.lmb86.fr\/lycee\/wp-content\/uploads\/2023\/06\/biodiversite23_8.jpg 826w, https:\/\/www.lmb86.fr\/lycee\/wp-content\/uploads\/2023\/06\/biodiversite23_8-300x169.jpg 300w, https:\/\/www.lmb86.fr\/lycee\/wp-content\/uploads\/2023\/06\/biodiversite23_8-768x432.jpg 768w\" sizes=\"auto, (max-width: 826px) 100vw, 826px\" \/><\/figure>\n\n\n\n<p><\/p>\n\n\n\n<p>Nous tenons \u00e0 remercier les \u00e9l\u00e8ves pour leur implication dans ce projet au long cours. Cela leur a demand\u00e9 beaucoup de travail et nous sommes admiratifs de leur cr\u00e9ativit\u00e9, de leur enthousiasme, et de leur attention.<\/p>\n\n\n\n<p><em><strong>K\u00e9vin Marcoux et Anne Roy<\/strong>, professeurs de SVT et professeurs principaux des 2D1 et 2D7, organisateurs du projet.<\/em><\/p>\n\n\n\n<p><em><strong>Samuel Rem\u00e9rand,<\/strong> professeur de SVT, intervenant pour les services \u00e9cosyst\u00e9miques.<\/em><\/p>\n\n\n\n<p><em><strong>Corinne Villeneuve et J\u00e9r\u00f4me Massias<\/strong>, professeurs principaux des 2D1 et 2D7, encadrants \u00e0 Lathus.<\/em><\/p>\n\n\n\n<p><em><strong>Chantal Bergeron et Fabienne Carato<\/strong>, professeurs documentalistes, organisatrices de la pr\u00e9sentation du projet de cr\u00e9ation des 2D1<\/em><\/p>\n\n\n\n<p><em><strong>Anne Le Callonec<\/strong>, professeur de Fran\u00e7ais, pour le projet de cr\u00e9ation des 2D1<\/em><\/p>\n\n\n\n<figure class=\"wp-block-image size-full\"><img loading=\"lazy\" decoding=\"async\" width=\"189\" height=\"177\" src=\"https:\/\/www.lmb86.fr\/lycee\/wp-content\/uploads\/2023\/11\/RNA.jpg\" alt=\"\" class=\"wp-image-1179\"\/><\/figure>\n","protected":false},"excerpt":{"rendered":"<p>Dans le cadre de l&rsquo;appel \u00e0 manifestation d&rsquo;int\u00e9r\u00eat pour les lyc\u00e9ens et apprentis, \u00ab\u00a0Sciences Grandeur Nature\u00a0\u00bb, initi\u00e9 par la R\u00e9gion Nouvelle Aquitaine, le Rectorat et la Direction r\u00e9gionale de l&rsquo;Agriculture et de la For\u00eat, deux classes du lyc\u00e9e ont travaill\u00e9 tout au long de l\u2019ann\u00e9e autour de la th\u00e9matique de la lutte contre l\u2019\u00e9rosion de [&hellip;]<\/p>\n","protected":false},"author":1,"featured_media":0,"comment_status":"closed","ping_status":"open","sticky":false,"template":"","format":"standard","meta":{"footnotes":""},"categories":[18,45],"tags":[21,46,27],"class_list":["post-915","post","type-post","status-publish","format-standard","hentry","category-projets-pedagogiques","category-sciences","tag-projet","tag-sciences","tag-svt"],"_links":{"self":[{"href":"https:\/\/www.lmb86.fr\/lycee\/wp-json\/wp\/v2\/posts\/915","targetHints":{"allow":["GET"]}}],"collection":[{"href":"https:\/\/www.lmb86.fr\/lycee\/wp-json\/wp\/v2\/posts"}],"about":[{"href":"https:\/\/www.lmb86.fr\/lycee\/wp-json\/wp\/v2\/types\/post"}],"author":[{"embeddable":true,"href":"https:\/\/www.lmb86.fr\/lycee\/wp-json\/wp\/v2\/users\/1"}],"replies":[{"embeddable":true,"href":"https:\/\/www.lmb86.fr\/lycee\/wp-json\/wp\/v2\/comments?post=915"}],"version-history":[{"count":10,"href":"https:\/\/www.lmb86.fr\/lycee\/wp-json\/wp\/v2\/posts\/915\/revisions"}],"predecessor-version":[{"id":1181,"href":"https:\/\/www.lmb86.fr\/lycee\/wp-json\/wp\/v2\/posts\/915\/revisions\/1181"}],"wp:attachment":[{"href":"https:\/\/www.lmb86.fr\/lycee\/wp-json\/wp\/v2\/media?parent=915"}],"wp:term":[{"taxonomy":"category","embeddable":true,"href":"https:\/\/www.lmb86.fr\/lycee\/wp-json\/wp\/v2\/categories?post=915"},{"taxonomy":"post_tag","embeddable":true,"href":"https:\/\/www.lmb86.fr\/lycee\/wp-json\/wp\/v2\/tags?post=915"}],"curies":[{"name":"wp","href":"https:\/\/api.w.org\/{rel}","templated":true}]}}