{"id":897,"date":"2023-02-13T15:16:00","date_gmt":"2023-02-13T14:16:00","guid":{"rendered":"https:\/\/www.lmb86.fr\/lycee\/?p=897"},"modified":"2023-06-13T15:33:57","modified_gmt":"2023-06-13T14:33:57","slug":"concours-planches-de-sciences","status":"publish","type":"post","link":"https:\/\/www.lmb86.fr\/lycee\/concours-planches-de-sciences\/","title":{"rendered":"Concours \u00ab Planches de Sciences \u00bb"},"content":{"rendered":"\n<p><\/p>\n\n\n\n<div class=\"wp-block-media-text alignwide has-media-on-the-right is-stacked-on-mobile\" style=\"grid-template-columns:auto 29%\"><div class=\"wp-block-media-text__content\">\n<p> <p>Les secondes 07 participent cette ann\u00e9e au concours <strong>\u00ab\u00a0Planches de Sciences\u00a0\u00bb<\/strong> organis\u00e9 par l\u2019acad\u00e9mie de Poitiers.<\/p><p>Ce concours repose sur la r\u00e9alisation d\u2019une planche de bande dessin\u00e9e issue de la double rencontre avec un(e) sp\u00e9cialiste scientifique et technique et un(e) artiste dans le domaine de la bande dessin\u00e9e.<\/p><\/p>\n\n\n\n<p>Pour cela, les \u00e9l\u00e8ves ont assist\u00e9 \u00e0 une conf\u00e9rence donn\u00e9e par <strong>C\u00e9line Fontaine<\/strong> intitul\u00e9e \u00ab&nbsp;Mon m\u00e9tier de chercheur et les femmes scientifiques&nbsp;\u00bb. Cette conf\u00e9rence a permis d\u2019\u00e9changer sur la place des femmes en science ainsi que des pr\u00e9jug\u00e9s et st\u00e9r\u00e9otypes qui sont v\u00e9hicul\u00e9s autour de la position des femmes dans le domaine scientifique.<\/p>\n<\/div><figure class=\"wp-block-media-text__media\"><img loading=\"lazy\" decoding=\"async\" width=\"169\" height=\"300\" src=\"https:\/\/www.lmb86.fr\/lycee\/wp-content\/uploads\/2023\/06\/planches_sciences23_1redim-1-169x300.jpg\" alt=\"\" class=\"wp-image-900 size-medium\" srcset=\"https:\/\/www.lmb86.fr\/lycee\/wp-content\/uploads\/2023\/06\/planches_sciences23_1redim-1-169x300.jpg 169w, https:\/\/www.lmb86.fr\/lycee\/wp-content\/uploads\/2023\/06\/planches_sciences23_1redim-1.jpg 350w\" sizes=\"auto, (max-width: 169px) 100vw, 169px\" \/><\/figure><\/div>\n\n\n\n<p>Suite \u00e0 cette conf\u00e9rence, <strong>Kathrine Avraam<\/strong>, artiste coloriste, est venue \u00e0 deux reprises travailler avec les \u00e9l\u00e8ves sur l\u2019\u00e9laboration des planches de bande dessin\u00e9e. <\/p>\n\n\n\n<div class=\"wp-block-media-text alignwide is-stacked-on-mobile\" style=\"grid-template-columns:32% auto\"><figure class=\"wp-block-media-text__media\"><img loading=\"lazy\" decoding=\"async\" width=\"227\" height=\"300\" src=\"https:\/\/www.lmb86.fr\/lycee\/wp-content\/uploads\/2023\/06\/planches_sciences23_2_redim-227x300.jpg\" alt=\"\" class=\"wp-image-901 size-medium\" srcset=\"https:\/\/www.lmb86.fr\/lycee\/wp-content\/uploads\/2023\/06\/planches_sciences23_2_redim-227x300.jpg 227w, https:\/\/www.lmb86.fr\/lycee\/wp-content\/uploads\/2023\/06\/planches_sciences23_2_redim.jpg 350w\" sizes=\"auto, (max-width: 227px) 100vw, 227px\" \/><\/figure><div class=\"wp-block-media-text__content\">\n<p><\/p>\n\n\n\n<p>Ils ont alors pu s\u2019exprimer \u00e0 travers diff\u00e9rents sc\u00e9narios (histoire de femme scientifique dont les travaux ont \u00e9t\u00e9 vol\u00e9s par des hommes ayant alors re\u00e7u une r\u00e9compense, d\u00e9nonciation de pr\u00e9jug\u00e9s sur les femmes\u2026).<\/p>\n\n\n\n<p>Au-del\u00e0 de travailler sur les pr\u00e9jug\u00e9s autour des relations \u00ab&nbsp;homme\/femme&nbsp;\u00bb, cela a permis aux \u00e9l\u00e8ves de comprendre comment \u00e9tait \u00e9labor\u00e9e une bande dessin\u00e9e (de la conception de l\u2019histoire en passant par la r\u00e9alisation de storyboard, le choix des couleurs et les multiples possibilit\u00e9s qui leur \u00e9tait offerte pour transmettre un message autrement que par du texte\u2026).<\/p>\n<\/div><\/div>\n","protected":false},"excerpt":{"rendered":"<p>Les secondes 07 participent cette ann\u00e9e au concours \u00ab\u00a0Planches de Sciences\u00a0\u00bb organis\u00e9 par l\u2019acad\u00e9mie de Poitiers. Ce concours repose sur la r\u00e9alisation d\u2019une planche de bande dessin\u00e9e issue de la double rencontre avec un(e) sp\u00e9cialiste scientifique et technique et un(e) artiste dans le domaine de la bande dessin\u00e9e. Pour cela, les \u00e9l\u00e8ves ont assist\u00e9 \u00e0 [&hellip;]<\/p>\n","protected":false},"author":1,"featured_media":0,"comment_status":"closed","ping_status":"open","sticky":false,"template":"","format":"standard","meta":{"footnotes":""},"categories":[45],"tags":[21,46,27],"class_list":["post-897","post","type-post","status-publish","format-standard","hentry","category-sciences","tag-projet","tag-sciences","tag-svt"],"_links":{"self":[{"href":"https:\/\/www.lmb86.fr\/lycee\/wp-json\/wp\/v2\/posts\/897","targetHints":{"allow":["GET"]}}],"collection":[{"href":"https:\/\/www.lmb86.fr\/lycee\/wp-json\/wp\/v2\/posts"}],"about":[{"href":"https:\/\/www.lmb86.fr\/lycee\/wp-json\/wp\/v2\/types\/post"}],"author":[{"embeddable":true,"href":"https:\/\/www.lmb86.fr\/lycee\/wp-json\/wp\/v2\/users\/1"}],"replies":[{"embeddable":true,"href":"https:\/\/www.lmb86.fr\/lycee\/wp-json\/wp\/v2\/comments?post=897"}],"version-history":[{"count":1,"href":"https:\/\/www.lmb86.fr\/lycee\/wp-json\/wp\/v2\/posts\/897\/revisions"}],"predecessor-version":[{"id":902,"href":"https:\/\/www.lmb86.fr\/lycee\/wp-json\/wp\/v2\/posts\/897\/revisions\/902"}],"wp:attachment":[{"href":"https:\/\/www.lmb86.fr\/lycee\/wp-json\/wp\/v2\/media?parent=897"}],"wp:term":[{"taxonomy":"category","embeddable":true,"href":"https:\/\/www.lmb86.fr\/lycee\/wp-json\/wp\/v2\/categories?post=897"},{"taxonomy":"post_tag","embeddable":true,"href":"https:\/\/www.lmb86.fr\/lycee\/wp-json\/wp\/v2\/tags?post=897"}],"curies":[{"name":"wp","href":"https:\/\/api.w.org\/{rel}","templated":true}]}}