{"id":874,"date":"2023-05-03T19:36:27","date_gmt":"2023-05-03T18:36:27","guid":{"rendered":"https:\/\/www.lmb86.fr\/lycee\/?p=874"},"modified":"2023-06-23T20:24:10","modified_gmt":"2023-06-23T19:24:10","slug":"journee-chantee-1ere-edition","status":"publish","type":"post","link":"https:\/\/www.lmb86.fr\/lycee\/journee-chantee-1ere-edition\/","title":{"rendered":"Journ\u00e9e chant\u00e9e :1\u00e8re \u00e9dition"},"content":{"rendered":"\n<p>Lundi 3 avril 2023, nos \u00e9l\u00e8ves allophones ont particip\u00e9 \u00e0 la premi\u00e8re \u00e9dition de la Journ\u00e9e chant\u00e9e qui s&rsquo;est tenue au LP2I de Jaunay-Marigny.<\/p>\n\n\n\n<p><br>Apr\u00e8s une journ\u00e9e de r\u00e9p\u00e9tition et le tournage du clip dans les locaux du Lyc\u00e9e, un petit concert a \u00e9t\u00e9 donn\u00e9, avec au programme les 5 chansons que nous avions pr\u00e9par\u00e9es en classe tout au long de l&rsquo;ann\u00e9e :<br>On court de Yannick Noah &#8211; Je dis Aime de M &#8211; Je veux de Zaz &#8211; Sur ma route de Black M &#8211; On \u00e9crit sur les murs par Kids United.<br>Au total: 60 \u00e9l\u00e8ves allophones venus de diff\u00e9rents \u00e9tablissements de la Vienne, et 23 langues repr\u00e9sent\u00e9es!<br>Un tour du monde linguistique et en musique, dont le clip vous donnera un aper\u00e7u\u2026 Bonne \u00e9coute!<br>\u200bIsabelle Flambeaux, professeure de FLS<\/p>\n\n\n\n<figure class=\"wp-block-embed is-type-video is-provider-youtube wp-block-embed-youtube wp-embed-aspect-16-9 wp-has-aspect-ratio\"><div class=\"wp-block-embed__wrapper\">\n<iframe loading=\"lazy\" title=\"Journ\u00e9e chant\u00e9e 3 avril 2023 : rencontre \u00e9l\u00e8ves allophones de la Vienne (86)\" width=\"500\" height=\"281\" src=\"https:\/\/www.youtube.com\/embed\/lEN1wywUWnM?feature=oembed\" frameborder=\"0\" allow=\"accelerometer; autoplay; clipboard-write; encrypted-media; gyroscope; picture-in-picture; web-share\" referrerpolicy=\"strict-origin-when-cross-origin\" allowfullscreen><\/iframe>\n<\/div><\/figure>\n","protected":false},"excerpt":{"rendered":"<p>Lundi 3 avril 2023, nos \u00e9l\u00e8ves allophones ont particip\u00e9 \u00e0 la premi\u00e8re \u00e9dition de la Journ\u00e9e chant\u00e9e qui s&rsquo;est tenue au LP2I de Jaunay-Marigny. Apr\u00e8s une journ\u00e9e de r\u00e9p\u00e9tition et le tournage du clip dans les locaux du Lyc\u00e9e, un petit concert a \u00e9t\u00e9 donn\u00e9, avec au programme les 5 chansons que nous avions pr\u00e9par\u00e9es [&hellip;]<\/p>\n","protected":false},"author":1,"featured_media":0,"comment_status":"closed","ping_status":"open","sticky":false,"template":"","format":"standard","meta":{"footnotes":""},"categories":[50,18],"tags":[20,21],"class_list":["post-874","post","type-post","status-publish","format-standard","hentry","category-f-l-s","category-projets-pedagogiques","tag-fls","tag-projet"],"_links":{"self":[{"href":"https:\/\/www.lmb86.fr\/lycee\/wp-json\/wp\/v2\/posts\/874","targetHints":{"allow":["GET"]}}],"collection":[{"href":"https:\/\/www.lmb86.fr\/lycee\/wp-json\/wp\/v2\/posts"}],"about":[{"href":"https:\/\/www.lmb86.fr\/lycee\/wp-json\/wp\/v2\/types\/post"}],"author":[{"embeddable":true,"href":"https:\/\/www.lmb86.fr\/lycee\/wp-json\/wp\/v2\/users\/1"}],"replies":[{"embeddable":true,"href":"https:\/\/www.lmb86.fr\/lycee\/wp-json\/wp\/v2\/comments?post=874"}],"version-history":[{"count":1,"href":"https:\/\/www.lmb86.fr\/lycee\/wp-json\/wp\/v2\/posts\/874\/revisions"}],"predecessor-version":[{"id":875,"href":"https:\/\/www.lmb86.fr\/lycee\/wp-json\/wp\/v2\/posts\/874\/revisions\/875"}],"wp:attachment":[{"href":"https:\/\/www.lmb86.fr\/lycee\/wp-json\/wp\/v2\/media?parent=874"}],"wp:term":[{"taxonomy":"category","embeddable":true,"href":"https:\/\/www.lmb86.fr\/lycee\/wp-json\/wp\/v2\/categories?post=874"},{"taxonomy":"post_tag","embeddable":true,"href":"https:\/\/www.lmb86.fr\/lycee\/wp-json\/wp\/v2\/tags?post=874"}],"curies":[{"name":"wp","href":"https:\/\/api.w.org\/{rel}","templated":true}]}}