{"id":549,"date":"2023-02-12T12:49:11","date_gmt":"2023-02-12T11:49:11","guid":{"rendered":"https:\/\/www.lmb86.fr\/lycee\/?p=549"},"modified":"2023-02-12T14:45:41","modified_gmt":"2023-02-12T13:45:41","slug":"specialite-hlp","status":"publish","type":"post","link":"https:\/\/www.lmb86.fr\/lycee\/specialite-hlp\/","title":{"rendered":"Sp\u00e9cialit\u00e9 HLP"},"content":{"rendered":"\n<h4 class=\"wp-block-heading\">Humanit\u00e9s, Litt\u00e9rature et Philosophie<\/h4>\n\n\n\n<p>L\u2019enseignement de sp\u00e9cialit\u00e9 \u00ab\u00a0Humanit\u00e9s, litt\u00e9rature et philosophie\u00a0\u00bb&nbsp;vise \u00e0 former les \u00e9l\u00e8ves<strong>&nbsp;dans le domaine des lettres, de la philosophie et des sciences humaines<\/strong>.<\/p>\n\n\n\n<p>Cette sp\u00e9cialit\u00e9 propose une&nbsp;<strong>approche litt\u00e9raire et philosophique<\/strong>&nbsp;de grandes questions de culture et une r\u00e9flexion personnelle \u00e0 travers des \u0153uvres.<\/p>\n\n\n\n<p>Les th\u00e8mes du programme sont abord\u00e9s&nbsp;<strong>en relation avec l\u2019histoire de la culture&nbsp;<\/strong>: \u00ab\u00a0Les pouvoirs de la parole\u00a0\u00bb&nbsp;de l\u2019Antiquit\u00e9 \u00e0 l\u2019\u00c2ge classique, \u00ab\u00a0Les repr\u00e9sentations du monde\u00a0\u00bb \u00e0 la Renaissance, \u00e0 l\u2019\u00c2ge classique et \u00e0 la p\u00e9riode des Lumi\u00e8res.<\/p>\n\n\n\n<ul class=\"wp-block-list\">\n<li><a href=\"http:\/\/cache.media.education.gouv.fr\/file\/SP1-MEN-22-1-2019\/00\/2\/spe578_annexe_1063002.pdf\" target=\"_blank\" rel=\"noreferrer noopener\">Programme de 1re g\u00e9n\u00e9rale<\/a><\/li>\n\n\n\n<li><a href=\"https:\/\/cache.media.education.gouv.fr\/file\/SPE8_MENJ_25_7_2019\/92\/0\/spe255_annexe_1158920.pdf\" target=\"_blank\" rel=\"noreferrer noopener\">Programme de terminale g\u00e9n\u00e9rale<\/a><\/li>\n<\/ul>\n\n\n<hr>\n<p style=\"text-align: right;\"><span style=\"color: #808080;\"><em>Source : <a style=\"color: #808080;\" href=\"https:\/\/www.education.gouv.fr\/reussir-au-lycee\/choisir-ses-enseignements-de-specialite-au-lycee-pour-preparer-ses-etudes-superieures-325475\" target=\"_blank\" rel=\"noopener\">Minist\u00e8re de l&rsquo;\u00c9ducation Nationale<\/a><\/em><\/span><\/p>","protected":false},"excerpt":{"rendered":"<p>Humanit\u00e9s, Litt\u00e9rature et Philosophie L\u2019enseignement de sp\u00e9cialit\u00e9 \u00ab\u00a0Humanit\u00e9s, litt\u00e9rature et philosophie\u00a0\u00bb&nbsp;vise \u00e0 former les \u00e9l\u00e8ves&nbsp;dans le domaine des lettres, de la philosophie et des sciences humaines. Cette sp\u00e9cialit\u00e9 propose une&nbsp;approche litt\u00e9raire et philosophique&nbsp;de grandes questions de culture et une r\u00e9flexion personnelle \u00e0 travers des \u0153uvres. Les th\u00e8mes du programme sont abord\u00e9s&nbsp;en relation avec l\u2019histoire de [&hellip;]<\/p>\n","protected":false},"author":1,"featured_media":0,"comment_status":"closed","ping_status":"open","sticky":false,"template":"","format":"standard","meta":{"footnotes":""},"categories":[19,34],"tags":[22,24,30],"class_list":["post-549","post","type-post","status-publish","format-standard","hentry","category-formations","category-specialite_enseignement_general","tag-formations","tag-hlp","tag-specialites"],"_links":{"self":[{"href":"https:\/\/www.lmb86.fr\/lycee\/wp-json\/wp\/v2\/posts\/549","targetHints":{"allow":["GET"]}}],"collection":[{"href":"https:\/\/www.lmb86.fr\/lycee\/wp-json\/wp\/v2\/posts"}],"about":[{"href":"https:\/\/www.lmb86.fr\/lycee\/wp-json\/wp\/v2\/types\/post"}],"author":[{"embeddable":true,"href":"https:\/\/www.lmb86.fr\/lycee\/wp-json\/wp\/v2\/users\/1"}],"replies":[{"embeddable":true,"href":"https:\/\/www.lmb86.fr\/lycee\/wp-json\/wp\/v2\/comments?post=549"}],"version-history":[{"count":4,"href":"https:\/\/www.lmb86.fr\/lycee\/wp-json\/wp\/v2\/posts\/549\/revisions"}],"predecessor-version":[{"id":564,"href":"https:\/\/www.lmb86.fr\/lycee\/wp-json\/wp\/v2\/posts\/549\/revisions\/564"}],"wp:attachment":[{"href":"https:\/\/www.lmb86.fr\/lycee\/wp-json\/wp\/v2\/media?parent=549"}],"wp:term":[{"taxonomy":"category","embeddable":true,"href":"https:\/\/www.lmb86.fr\/lycee\/wp-json\/wp\/v2\/categories?post=549"},{"taxonomy":"post_tag","embeddable":true,"href":"https:\/\/www.lmb86.fr\/lycee\/wp-json\/wp\/v2\/tags?post=549"}],"curies":[{"name":"wp","href":"https:\/\/api.w.org\/{rel}","templated":true}]}}