{"id":1527,"date":"2025-08-26T12:08:12","date_gmt":"2025-08-26T10:08:12","guid":{"rendered":"https:\/\/www.lmb86.fr\/lycee\/?p=1527"},"modified":"2025-08-26T12:15:17","modified_gmt":"2025-08-26T10:15:17","slug":"rentree-2025","status":"publish","type":"post","link":"https:\/\/www.lmb86.fr\/lycee\/rentree-2025\/","title":{"rendered":"Rentr\u00e9e 2025"},"content":{"rendered":"\n<p>La rentr\u00e9e scolaire au lyc\u00e9e Marcelin Berthelot se fera sur 2 jours&nbsp;:<\/p>\n\n\n\n<p class=\"has-vivid-red-color has-text-color\"><strong>Lundi 01 septembre 2025<\/strong><\/p>\n\n\n\n<ul class=\"wp-block-list\">\n<li><strong>8H00 <\/strong>&nbsp;: rentr\u00e9e de <strong>tous<\/strong> les \u00e9l\u00e8ves de Seconde<br>Journ\u00e9e consacr\u00e9e \u00e0 la d\u00e9couverte du lyc\u00e9e et de son fonctionnement.<\/li>\n<\/ul>\n\n\n\n<p>Fin de journ\u00e9e pr\u00e9vue \u00e0 16 heures.<\/p>\n\n\n\n<p><strong>Les manuels scolaires<\/strong> seront distribu\u00e9s le jour de la rentr\u00e9e, merci de pr\u00e9voir un sac en cons\u00e9quence.<\/p>\n\n\n\n<p>Les \u00e9l\u00e8ves de 2nde GT, n\u2019auront pas cours le mardi 2 septembre 2025.<\/p>\n\n\n\n<p class=\"has-vivid-red-color has-text-color\"><strong>Mardi 02 septembre 2025<\/strong><\/p>\n\n\n\n<ul class=\"wp-block-list\">\n<li><strong>08H00 \u2013 12h00<\/strong>&nbsp;: rentr\u00e9e des \u00e9l\u00e8ves<strong> de premi\u00e8re g\u00e9n\u00e9rale et technologique<\/strong><\/li>\n\n\n\n<li><strong>13H30 \u2013 16h30<\/strong>&nbsp;: rentr\u00e9e des \u00e9l\u00e8ves <strong>de Terminale g\u00e9n\u00e9rale et technologique<\/strong><\/li>\n<\/ul>\n\n\n\n<p class=\"has-vivid-cyan-blue-color has-text-color has-link-color wp-elements-d5d25d3239034256b528ab09212a76c5\"><strong>L\u2019emploi du temps de la classe s\u2019appliquera d\u00e8s le mercredi 3 septembre<\/strong><\/p>\n\n\n\n<p> <\/p>\n\n\n\n<p><\/p>\n\n\n\n<p><\/p>\n\n\n\n<p><strong><u>Accueil sp\u00e9cifique des \u00e9l\u00e8ves circassiens&nbsp;:<\/u><\/strong><\/p>\n\n\n\n<p><strong>Les \u00e9l\u00e8ves de seconde circassiens<\/strong> seront accueillis et pris en charge <strong>le mardi 02 septembre<\/strong> par l\u2019\u00e9cole de cirque <strong>de 09h00 \u00e0 12h00<\/strong> et jusqu\u2019\u00e0 16 heures au lyc\u00e9e M. Berthelot.<\/p>\n\n\n\n<p><strong>Les \u00e9l\u00e8ves de premi\u00e8re circassiens<\/strong> seront accueillis et pris en charge <strong>le mardi 02 septembre<\/strong> par l\u2019\u00e9cole de cirque de <strong>14h00 \u00e0 17h00<\/strong><\/p>\n\n\n\n<p><strong>Les \u00e9l\u00e8ves de terminale circassiens<\/strong> seront accueillis et pris en charge <strong>le mercredi 03 septembre<\/strong> par l\u2019\u00e9cole de cirque de <strong>10h00 \u00e0 12h00<\/strong><\/p>\n\n\n\n<p><strong>Mercredi 3 septembre apr\u00e8s-midi<\/strong>, tous les \u00e9l\u00e8ves (2<sup>nde <\/sup>, 1<sup>\u00e8re<\/sup> et terminale) seront \u00e0 l\u2019ENCC, pour des activit\u00e9s d\u2019int\u00e9gration.<\/p>\n\n\n\n<p><\/p>\n\n\n\n<p><\/p>\n","protected":false},"excerpt":{"rendered":"<p>La rentr\u00e9e scolaire au lyc\u00e9e Marcelin Berthelot se fera sur 2 jours&nbsp;: Lundi 01 septembre 2025 Fin de journ\u00e9e pr\u00e9vue \u00e0 16 heures. Les manuels scolaires seront distribu\u00e9s le jour de la rentr\u00e9e, merci de pr\u00e9voir un sac en cons\u00e9quence. Les \u00e9l\u00e8ves de 2nde GT, n\u2019auront pas cours le mardi 2 septembre 2025. Mardi 02 [&hellip;]<\/p>\n","protected":false},"author":1,"featured_media":0,"comment_status":"closed","ping_status":"open","sticky":false,"template":"","format":"standard","meta":{"footnotes":""},"categories":[9,13],"tags":[39,14],"class_list":["post-1527","post","type-post","status-publish","format-standard","hentry","category-actualites","category-flash-info","tag-actualite","tag-flash"],"_links":{"self":[{"href":"https:\/\/www.lmb86.fr\/lycee\/wp-json\/wp\/v2\/posts\/1527","targetHints":{"allow":["GET"]}}],"collection":[{"href":"https:\/\/www.lmb86.fr\/lycee\/wp-json\/wp\/v2\/posts"}],"about":[{"href":"https:\/\/www.lmb86.fr\/lycee\/wp-json\/wp\/v2\/types\/post"}],"author":[{"embeddable":true,"href":"https:\/\/www.lmb86.fr\/lycee\/wp-json\/wp\/v2\/users\/1"}],"replies":[{"embeddable":true,"href":"https:\/\/www.lmb86.fr\/lycee\/wp-json\/wp\/v2\/comments?post=1527"}],"version-history":[{"count":3,"href":"https:\/\/www.lmb86.fr\/lycee\/wp-json\/wp\/v2\/posts\/1527\/revisions"}],"predecessor-version":[{"id":1530,"href":"https:\/\/www.lmb86.fr\/lycee\/wp-json\/wp\/v2\/posts\/1527\/revisions\/1530"}],"wp:attachment":[{"href":"https:\/\/www.lmb86.fr\/lycee\/wp-json\/wp\/v2\/media?parent=1527"}],"wp:term":[{"taxonomy":"category","embeddable":true,"href":"https:\/\/www.lmb86.fr\/lycee\/wp-json\/wp\/v2\/categories?post=1527"},{"taxonomy":"post_tag","embeddable":true,"href":"https:\/\/www.lmb86.fr\/lycee\/wp-json\/wp\/v2\/tags?post=1527"}],"curies":[{"name":"wp","href":"https:\/\/api.w.org\/{rel}","templated":true}]}}