{"id":1458,"date":"2025-03-15T21:03:11","date_gmt":"2025-03-15T20:03:11","guid":{"rendered":"https:\/\/www.lmb86.fr\/lycee\/?p=1458"},"modified":"2025-03-15T21:08:06","modified_gmt":"2025-03-15T20:08:06","slug":"exposition-femmes-en-mathspourquoi-pas-vous","status":"publish","type":"post","link":"https:\/\/www.lmb86.fr\/lycee\/exposition-femmes-en-mathspourquoi-pas-vous\/","title":{"rendered":"EXPOSITION\u00a0: Femmes en maths\u2026>pourquoi pas vous\u00a0?"},"content":{"rendered":"\n<p>Dans le cadre de la semaine des math\u00e9matiques, et faisant \u00e9galement suite \u00e0 la journ\u00e9e de la femme, l\u2019exposition \u00ab\u00a0Femmes en maths>pourquoi pas vous\u00a0?\u00a0\u00bb est visible au CDI. \u00a0Suite \u00e0 une id\u00e9e de Madame Bellenoue, professeure de math\u00e9matiques, les panneaux de cette exposition ont \u00e9t\u00e9 imprim\u00e9s par le lyc\u00e9e, elle est le fruit d\u2019un travail r\u00e9alis\u00e9 par l\u2019association <strong>femmes &amp; math\u00e9matiques.<\/strong><\/p>\n\n\n\n<p><strong>Elle dresse seize portraits de femmes qui ont choisi des m\u00e9tiers o\u00f9 les math\u00e9matiques tiennent une place essentielle<\/strong><strong>.<\/strong><strong><\/strong><\/p>\n\n\n\n<p><\/p>\n\n\n\n<div class=\"wp-block-group is-vertical is-layout-flex wp-container-core-group-is-layout-fe9cc265 wp-block-group-is-layout-flex\">\n<figure class=\"wp-block-image size-full\"><img loading=\"lazy\" decoding=\"async\" width=\"800\" height=\"647\" src=\"https:\/\/www.lmb86.fr\/lycee\/wp-content\/uploads\/2025\/03\/2025_Expo_FemmesMaths1.jpg\" alt=\"\" class=\"wp-image-1459\" srcset=\"https:\/\/www.lmb86.fr\/lycee\/wp-content\/uploads\/2025\/03\/2025_Expo_FemmesMaths1.jpg 800w, https:\/\/www.lmb86.fr\/lycee\/wp-content\/uploads\/2025\/03\/2025_Expo_FemmesMaths1-300x243.jpg 300w, https:\/\/www.lmb86.fr\/lycee\/wp-content\/uploads\/2025\/03\/2025_Expo_FemmesMaths1-768x621.jpg 768w\" sizes=\"auto, (max-width: 800px) 100vw, 800px\" \/><\/figure>\n\n\n\n<figure class=\"wp-block-image size-full\"><img loading=\"lazy\" decoding=\"async\" width=\"800\" height=\"709\" src=\"https:\/\/www.lmb86.fr\/lycee\/wp-content\/uploads\/2025\/03\/2025_Expo_FemmesMaths2.jpg\" alt=\"\" class=\"wp-image-1460\" srcset=\"https:\/\/www.lmb86.fr\/lycee\/wp-content\/uploads\/2025\/03\/2025_Expo_FemmesMaths2.jpg 800w, https:\/\/www.lmb86.fr\/lycee\/wp-content\/uploads\/2025\/03\/2025_Expo_FemmesMaths2-300x266.jpg 300w, https:\/\/www.lmb86.fr\/lycee\/wp-content\/uploads\/2025\/03\/2025_Expo_FemmesMaths2-768x681.jpg 768w\" sizes=\"auto, (max-width: 800px) 100vw, 800px\" \/><\/figure>\n\n\n\n<figure class=\"wp-block-image size-full\"><img loading=\"lazy\" decoding=\"async\" width=\"800\" height=\"709\" src=\"https:\/\/www.lmb86.fr\/lycee\/wp-content\/uploads\/2025\/03\/2025_Expo_FemmesMaths3.jpg\" alt=\"\" class=\"wp-image-1461\" srcset=\"https:\/\/www.lmb86.fr\/lycee\/wp-content\/uploads\/2025\/03\/2025_Expo_FemmesMaths3.jpg 800w, https:\/\/www.lmb86.fr\/lycee\/wp-content\/uploads\/2025\/03\/2025_Expo_FemmesMaths3-300x266.jpg 300w, https:\/\/www.lmb86.fr\/lycee\/wp-content\/uploads\/2025\/03\/2025_Expo_FemmesMaths3-768x681.jpg 768w\" sizes=\"auto, (max-width: 800px) 100vw, 800px\" \/><\/figure>\n\n\n\n<figure class=\"wp-block-image size-full\"><img loading=\"lazy\" decoding=\"async\" width=\"801\" height=\"457\" src=\"https:\/\/www.lmb86.fr\/lycee\/wp-content\/uploads\/2025\/03\/2025_Expo_FemmesMaths4.jpg\" alt=\"\" class=\"wp-image-1462\" srcset=\"https:\/\/www.lmb86.fr\/lycee\/wp-content\/uploads\/2025\/03\/2025_Expo_FemmesMaths4.jpg 801w, https:\/\/www.lmb86.fr\/lycee\/wp-content\/uploads\/2025\/03\/2025_Expo_FemmesMaths4-300x171.jpg 300w, https:\/\/www.lmb86.fr\/lycee\/wp-content\/uploads\/2025\/03\/2025_Expo_FemmesMaths4-768x438.jpg 768w\" sizes=\"auto, (max-width: 801px) 100vw, 801px\" \/><\/figure>\n<\/div>\n\n\n\n<p><strong>Les panneaux de cette exposition seront ensuite dispatch\u00e9s dans les salles de cours de math\u00e9matiques.<\/strong><\/p>\n","protected":false},"excerpt":{"rendered":"<p>Dans le cadre de la semaine des math\u00e9matiques, et faisant \u00e9galement suite \u00e0 la journ\u00e9e de la femme, l\u2019exposition \u00ab\u00a0Femmes en maths>pourquoi pas vous\u00a0?\u00a0\u00bb est visible au CDI. \u00a0Suite \u00e0 une id\u00e9e de Madame Bellenoue, professeure de math\u00e9matiques, les panneaux de cette exposition ont \u00e9t\u00e9 imprim\u00e9s par le lyc\u00e9e, elle est le fruit d\u2019un travail [&hellip;]<\/p>\n","protected":false},"author":1,"featured_media":0,"comment_status":"closed","ping_status":"open","sticky":false,"template":"","format":"standard","meta":{"footnotes":""},"categories":[9,18,45],"tags":[39,62,26,21],"class_list":["post-1458","post","type-post","status-publish","format-standard","hentry","category-actualites","category-projets-pedagogiques","category-sciences","tag-actualite","tag-exposition","tag-mathematiques","tag-projet"],"_links":{"self":[{"href":"https:\/\/www.lmb86.fr\/lycee\/wp-json\/wp\/v2\/posts\/1458","targetHints":{"allow":["GET"]}}],"collection":[{"href":"https:\/\/www.lmb86.fr\/lycee\/wp-json\/wp\/v2\/posts"}],"about":[{"href":"https:\/\/www.lmb86.fr\/lycee\/wp-json\/wp\/v2\/types\/post"}],"author":[{"embeddable":true,"href":"https:\/\/www.lmb86.fr\/lycee\/wp-json\/wp\/v2\/users\/1"}],"replies":[{"embeddable":true,"href":"https:\/\/www.lmb86.fr\/lycee\/wp-json\/wp\/v2\/comments?post=1458"}],"version-history":[{"count":2,"href":"https:\/\/www.lmb86.fr\/lycee\/wp-json\/wp\/v2\/posts\/1458\/revisions"}],"predecessor-version":[{"id":1464,"href":"https:\/\/www.lmb86.fr\/lycee\/wp-json\/wp\/v2\/posts\/1458\/revisions\/1464"}],"wp:attachment":[{"href":"https:\/\/www.lmb86.fr\/lycee\/wp-json\/wp\/v2\/media?parent=1458"}],"wp:term":[{"taxonomy":"category","embeddable":true,"href":"https:\/\/www.lmb86.fr\/lycee\/wp-json\/wp\/v2\/categories?post=1458"},{"taxonomy":"post_tag","embeddable":true,"href":"https:\/\/www.lmb86.fr\/lycee\/wp-json\/wp\/v2\/tags?post=1458"}],"curies":[{"name":"wp","href":"https:\/\/api.w.org\/{rel}","templated":true}]}}