{"id":1314,"date":"2024-07-05T09:15:48","date_gmt":"2024-07-05T07:15:48","guid":{"rendered":"https:\/\/www.lmb86.fr\/lycee\/?p=1314"},"modified":"2024-07-05T09:17:54","modified_gmt":"2024-07-05T07:17:54","slug":"partenariat-avec-sciences-po-bordeaux","status":"publish","type":"post","link":"https:\/\/www.lmb86.fr\/lycee\/partenariat-avec-sciences-po-bordeaux\/","title":{"rendered":"Partenariat avec Sciences Po Bordeaux"},"content":{"rendered":"\n<p><\/p>\n\n\n\n<p><\/p>\n\n\n\n<figure class=\"wp-block-image size-full is-resized\"><img loading=\"lazy\" decoding=\"async\" width=\"258\" height=\"73\" src=\"https:\/\/www.lmb86.fr\/lycee\/wp-content\/uploads\/2024\/07\/logo_sciencespo_bordeaux.jpg\" alt=\"\" class=\"wp-image-1315\" style=\"aspect-ratio:3.5342465753424657;width:177px;height:auto\"\/><\/figure>\n\n\n\n<p><strong>Le partenariat avec Sciences Po Bordeaux<\/strong><\/p>\n\n\n\n<p>Depuis 2016, le lyc\u00e9e Marcelin Berthelot dispose d\u2019un partenariat avec Sciences Po Bordeaux dans le cadre d\u2019un programme d\u2019\u00e9galit\u00e9 des chances intitul\u00e9 <strong>\u201cSciences Po Bordeaux, Je le Peux Parce que Je le Veux (JPPJV)\u201d<\/strong>.&nbsp;<\/p>\n\n\n\n<p>Ce partenariat a pour objectif d\u2019<strong>informer<\/strong> les \u00e9l\u00e8ves sur Sciences Po Bordeaux afin qu\u2019ils connaissent mieux cette \u00e9cole et ses d\u00e9bouch\u00e9s professionnels, mais \u00e9galement de les <strong>pr\u00e9parer aux \u00e9preuves d\u2019entr\u00e9e<\/strong>.<\/p>\n\n\n\n<p>Pendant les<strong> s\u00e9ances<\/strong> (une fois toutes les deux semaines pour les premi\u00e8res, deux fois toutes les trois semaines pour les terminales), les \u00e9l\u00e8ves travaillent \u00e0 l\u2019\u00e9laboration de leur dossier Parcoursup ainsi que sur des sujets d\u2019actualit\u00e9. Ils sont encadr\u00e9s par plusieurs enseignants du lyc\u00e9e et peuvent s\u2019appuyer sur un <strong>centre de ressources<\/strong> mis \u00e0 disposition par Sciences Po pour les lyc\u00e9es partenaires du programme.<\/p>\n\n\n\n<p>S\u2019ajoutent des <strong>temps forts<\/strong> qui rythment l\u2019ann\u00e9e scolaire et contribuent \u00e0 la motivation des \u00e9l\u00e8ves, comme la rencontre avec d\u2019anciens \u00e9l\u00e8ves du lyc\u00e9e qui \u00e9tudient \u00e0 Sciences Po, la visite de l\u2019IEP ou encore la venue d\u2019une association \u00e9tudiante de Sciences Po, Hauts les Mots, pour animer un atelier de prise de parole.<\/p>\n\n\n\n<p>Un <strong>entra\u00eenement aux entretiens<\/strong> d\u2019admission est propos\u00e9 chaque ann\u00e9e au printemps.<\/p>\n\n\n\n<p>Dans le cadre de ce partenariat, les \u00e9l\u00e8ves b\u00e9n\u00e9ficient enfin de <strong>frais d\u2019inscription r\u00e9duits<\/strong> aux \u00e9preuves d\u2019entr\u00e9e (20\u20ac au lieu de 120\u20ac).<\/p>\n\n\n\n<p>Une dizaine de lyc\u00e9ens se pr\u00e9sentent chaque ann\u00e9e aux \u00e9preuves d\u2019entr\u00e9e et deux d\u2019entre eux, en moyenne, sont admis \u00e0 Sciences Po Bordeaux.<\/p>\n\n\n\n<p>El\u00e8ves admis \u00e0 Sciences Po Bordeaux depuis 2017 * :<\/p>\n\n\n\n<figure class=\"wp-block-table\"><table><tbody><tr><td>2017<\/td><td>Chiara et Jeanne<\/td><\/tr><tr><td>2019<\/td><td>Rapha\u00ebl<\/td><\/tr><tr><td>2020<\/td><td>Louise et Amarine<\/td><\/tr><tr><td>2021<\/td><td>Antonin et Baptiste<\/td><\/tr><tr><td>2022<\/td><td>Titouan<\/td><\/tr><tr><td>2023<\/td><td>Barbara et Yakine<\/td><\/tr><tr><td>2024<\/td><td>L\u00e9onie et Andr\u00e9ia<\/td><\/tr><\/tbody><\/table><\/figure>\n\n\n\n<p>* Certains d\u2019entre eux ont refus\u00e9 la proposition d\u2019admission de Sciences Po Bordeaux, pr\u00e9f\u00e9rant d\u2019autres fili\u00e8res s\u00e9lectives de l\u2019enseignement sup\u00e9rieur.<\/p>\n\n\n\n<p>Pour plus d\u2019informations :<\/p>\n\n\n\n<ul class=\"wp-block-list\">\n<li>Sciences Po Bordeaux : <a href=\"https:\/\/www.sciencespobordeaux.fr\/fr\/index.html\">https:\/\/www.sciencespobordeaux.fr\/fr\/index.html<\/a><\/li>\n\n\n\n<li>Le programme JPPJV : <a href=\"https:\/\/www.sciencespobordeaux.fr\/fr\/l-institut\/nos-valeurs\/egalite-des-chances\/ouverture-sociale-et-territoriale\/je-le-peux-parce-que-je-le-veux.html\">https:\/\/www.sciencespobordeaux.fr\/fr\/l-institut\/nos-valeurs\/egalite-des-chances\/ouverture-sociale-et-territoriale\/je-le-peux-parce-que-je-le-veux.html<\/a><\/li>\n<\/ul>\n","protected":false},"excerpt":{"rendered":"<p>Le partenariat avec Sciences Po Bordeaux Depuis 2016, le lyc\u00e9e Marcelin Berthelot dispose d\u2019un partenariat avec Sciences Po Bordeaux dans le cadre d\u2019un programme d\u2019\u00e9galit\u00e9 des chances intitul\u00e9 \u201cSciences Po Bordeaux, Je le Peux Parce que Je le Veux (JPPJV)\u201d.&nbsp; Ce partenariat a pour objectif d\u2019informer les \u00e9l\u00e8ves sur Sciences Po Bordeaux afin qu\u2019ils connaissent [&hellip;]<\/p>\n","protected":false},"author":1,"featured_media":0,"comment_status":"closed","ping_status":"open","sticky":false,"template":"","format":"standard","meta":{"footnotes":""},"categories":[19,18],"tags":[22,51,21],"class_list":["post-1314","post","type-post","status-publish","format-standard","hentry","category-formations","category-projets-pedagogiques","tag-formations","tag-orientation","tag-projet"],"_links":{"self":[{"href":"https:\/\/www.lmb86.fr\/lycee\/wp-json\/wp\/v2\/posts\/1314","targetHints":{"allow":["GET"]}}],"collection":[{"href":"https:\/\/www.lmb86.fr\/lycee\/wp-json\/wp\/v2\/posts"}],"about":[{"href":"https:\/\/www.lmb86.fr\/lycee\/wp-json\/wp\/v2\/types\/post"}],"author":[{"embeddable":true,"href":"https:\/\/www.lmb86.fr\/lycee\/wp-json\/wp\/v2\/users\/1"}],"replies":[{"embeddable":true,"href":"https:\/\/www.lmb86.fr\/lycee\/wp-json\/wp\/v2\/comments?post=1314"}],"version-history":[{"count":1,"href":"https:\/\/www.lmb86.fr\/lycee\/wp-json\/wp\/v2\/posts\/1314\/revisions"}],"predecessor-version":[{"id":1316,"href":"https:\/\/www.lmb86.fr\/lycee\/wp-json\/wp\/v2\/posts\/1314\/revisions\/1316"}],"wp:attachment":[{"href":"https:\/\/www.lmb86.fr\/lycee\/wp-json\/wp\/v2\/media?parent=1314"}],"wp:term":[{"taxonomy":"category","embeddable":true,"href":"https:\/\/www.lmb86.fr\/lycee\/wp-json\/wp\/v2\/categories?post=1314"},{"taxonomy":"post_tag","embeddable":true,"href":"https:\/\/www.lmb86.fr\/lycee\/wp-json\/wp\/v2\/tags?post=1314"}],"curies":[{"name":"wp","href":"https:\/\/api.w.org\/{rel}","templated":true}]}}