{"id":1302,"date":"2024-07-03T18:36:10","date_gmt":"2024-07-03T16:36:10","guid":{"rendered":"https:\/\/www.lmb86.fr\/lycee\/?p=1302"},"modified":"2024-10-05T21:53:47","modified_gmt":"2024-10-05T19:53:47","slug":"bilan-de-la-premiere-annee-2023-2024-de-loption-droit-et-grands-enjeux-du-monde-contemporain-dgemc","status":"publish","type":"post","link":"https:\/\/www.lmb86.fr\/lycee\/bilan-de-la-premiere-annee-2023-2024-de-loption-droit-et-grands-enjeux-du-monde-contemporain-dgemc\/","title":{"rendered":"Bilan de la premi\u00e8re ann\u00e9e (2023-2024) de l\u2019option Droit et Grands Enjeux du monde contemporain (DGEMC)"},"content":{"rendered":"\n<p>   Cette option se d\u00e9veloppe sur trois heures par semaine et compte coefficient 2 au contr\u00f4le continu pour le baccalaur\u00e9at. L\u2019\u00e9valuation se fait par comp\u00e9tences et le travail est r\u00e9alis\u00e9 quasi exclusivement en classe et tr\u00e8s souvent en groupes. Il s\u2019agissait avant tout, pour les \u00e9l\u00e8ves, de se familiariser avec l\u2019environnement du droit et de la justice et de s\u2019initier au raisonnement juridique. <span style=\"mso-ascii-font-family:Calibri;mso-hansi-font-family:\nCalibri\">\u00c0<\/span> partir d\u2019\u00e9tudes de cas issus de l\u2019actualit\u00e9, la trentaine d\u2019\u00e9l\u00e8ves engag\u00e9e a pu s\u2019apercevoir que le droit est pr\u00e9sent partout dans notre vie quotidienne (mariage, entretien d\u2019embauche, traverser la rue, avoir un animal de compagnie ou faire du sport).<\/p>\n\n\n\n<p>   L\u2019ann\u00e9e a \u00e9t\u00e9 rythm\u00e9e par plusieurs moments forts de natures tr\u00e8s diff\u00e9rentes. En premier lieu, la classe s\u2019est engag\u00e9e dans cinq \u00ab<span style=\"color:#C9211E\">&nbsp;<\/span>d\u00e9bats mouvants&nbsp;\u00bb<span style=\"color:#C9211E\"> <\/span><span style=\"color:black\">co<\/span>ncernant de grandes questions de soci\u00e9t\u00e9. Cela a \u00e9t\u00e9 pour les \u00e9l\u00e8ves l\u2019occasion d\u2019\u00e9changer leurs arguments et de d\u00e9couvrir certaines notions juridiques et ce que disait le droit concernant ces questions.<\/p>\n\n\n\n<figure class=\"wp-block-image aligncenter size-full\"><img loading=\"lazy\" decoding=\"async\" width=\"1024\" height=\"461\" src=\"https:\/\/www.lmb86.fr\/lycee\/wp-content\/uploads\/2024\/07\/DGEMC2024_Visite_Assemblee_Nationale_1.jpg\" alt=\"\" class=\"wp-image-1303\" srcset=\"https:\/\/www.lmb86.fr\/lycee\/wp-content\/uploads\/2024\/07\/DGEMC2024_Visite_Assemblee_Nationale_1.jpg 1024w, https:\/\/www.lmb86.fr\/lycee\/wp-content\/uploads\/2024\/07\/DGEMC2024_Visite_Assemblee_Nationale_1-300x135.jpg 300w, https:\/\/www.lmb86.fr\/lycee\/wp-content\/uploads\/2024\/07\/DGEMC2024_Visite_Assemblee_Nationale_1-768x346.jpg 768w\" sizes=\"auto, (max-width: 1024px) 100vw, 1024px\" \/><figcaption class=\"wp-element-caption\"><em>Visite de l&rsquo;Assembl\u00e9e Nationale<\/em><\/figcaption><\/figure>\n\n\n\n<p><\/p>\n\n\n\n<p>  Ensuite, nous nous sommes rendus \u00e0 Paris le mardi 7 novembre pour visiter l\u2019Assembl\u00e9e Nationale et assister aux \u00ab&nbsp;Questions au gouvernement&nbsp;\u00bb. Les \u00e9l\u00e8ves ont ainsi pu comprendre les diff\u00e9rents r\u00f4les de l\u2019Assembl\u00e9e, notamment dans la fabrique de la loi. Ils ont aussi pu interviewer le d\u00e9put\u00e9 de notre circonscription, monsieur Nicolas Turquois.<\/p>\n\n\n\n<p>   Le lundi 4 d\u00e9cembre, la classe a assist\u00e9 \u00e0 la pi\u00e8ce de th\u00e9\u00e2tre \u00ab&nbsp;D\u00e9fendre&nbsp;\u00bb consacr\u00e9e \u00e0 la vie de la grande avocate Gis\u00e8le Halimi. Cette d\u00e9couverte d\u2019un des m\u00e9tiers centraux de la justice a \u00e9t\u00e9 renforc\u00e9<span style=\"color:#C9211E\">e<\/span> par la visite de deux avocats p\u00e9nalistes (Eva Chambon et Karim Laouafi) le lundi 25 mars.<\/p>\n\n\n\n<figure class=\"wp-block-image aligncenter size-full\"><img loading=\"lazy\" decoding=\"async\" width=\"320\" height=\"456\" src=\"https:\/\/www.lmb86.fr\/lycee\/wp-content\/uploads\/2024\/07\/DGEMC2024_Theatre_Gisele_Halimi_2_resize.jpg\" alt=\"\" class=\"wp-image-1304\" srcset=\"https:\/\/www.lmb86.fr\/lycee\/wp-content\/uploads\/2024\/07\/DGEMC2024_Theatre_Gisele_Halimi_2_resize.jpg 320w, https:\/\/www.lmb86.fr\/lycee\/wp-content\/uploads\/2024\/07\/DGEMC2024_Theatre_Gisele_Halimi_2_resize-211x300.jpg 211w\" sizes=\"auto, (max-width: 320px) 100vw, 320px\" \/><figcaption class=\"wp-element-caption\"><p class=\"MsoNormal\" style=\"text-align:justify;text-indent:35.4pt\"><em>Affiche de la pi\u00e8ce de th\u00e9\u00e2tre<\/em><\/p><em> \u00ab&nbsp;D\u00e9fendre-Gis\u00e8le Halimi&nbsp;\u00bb<\/em><\/figcaption><\/figure>\n\n\n\n<p><\/p>\n\n\n\n<p>   Lors de la Journ\u00e9e Portes Ouvertes du lyc\u00e9e, le samedi 23 mars, de nombreux \u00e9l\u00e8ves se sont investis dans la pr\u00e9sentation de l\u2019option aux futurs \u00e9l\u00e8ves et \u00e0 leurs parents. Certains ont repris \u00e0 l\u2019oral des extraits de discours ou de plaidoiries de grandes personnalit\u00e9s du monde politique et judiciaire tels Robert Badinter, Gis\u00e8le Halimi, Simone Veil\u2026<\/p>\n\n\n\n<p>   Enfin, le lundi 13 mai a \u00e9t\u00e9 consacr\u00e9 \u00e0 la r\u00e9alisation d\u2019une simulation d\u2019une session du Parlement Europ\u00e9en, gr\u00e2ce \u00e0 l\u2019association Europe Direct. R\u00e9partis en diff\u00e9rents groupes politiques, les \u00e9l\u00e8ves ont propos\u00e9 des amendements \u00e0 partir de l\u2019\u00e9tude d\u2019une directive europ\u00e9enne r\u00e9elle<span style=\"color:#C9211E\">, <\/span>en l\u2019occurrence celle visant \u00e0 r\u00e9glementer le cas des travailleurs de plateformes num\u00e9riques.<\/p>\n\n\n\n<figure class=\"wp-block-image aligncenter size-full\"><img loading=\"lazy\" decoding=\"async\" width=\"1024\" height=\"461\" src=\"https:\/\/www.lmb86.fr\/lycee\/wp-content\/uploads\/2024\/07\/DGEMC2024_Vote_simulation_session_europe_3_resize.jpg\" alt=\"\" class=\"wp-image-1305\" srcset=\"https:\/\/www.lmb86.fr\/lycee\/wp-content\/uploads\/2024\/07\/DGEMC2024_Vote_simulation_session_europe_3_resize.jpg 1024w, https:\/\/www.lmb86.fr\/lycee\/wp-content\/uploads\/2024\/07\/DGEMC2024_Vote_simulation_session_europe_3_resize-300x135.jpg 300w, https:\/\/www.lmb86.fr\/lycee\/wp-content\/uploads\/2024\/07\/DGEMC2024_Vote_simulation_session_europe_3_resize-768x346.jpg 768w\" sizes=\"auto, (max-width: 1024px) 100vw, 1024px\" \/><figcaption class=\"wp-element-caption\"><em><p class=\"MsoNormal\" style=\"text-align:justify;text-indent:35.4pt\">Vote lors de la simulation d\u2019une session au Parlement Europ\u00e9en.<\/p><\/em><\/figcaption><\/figure>\n\n\n\n<p>   Finalement, le d\u00e9roulement de l\u2019ann\u00e9e a sembl\u00e9 satisfaire une tr\u00e8s<span style=\"color:#C9211E\"> <\/span>large<span style=\"color:#C9211E\"> <\/span>majorit\u00e9 d\u2019\u00e9l\u00e8ves&nbsp;; certains ont<span style=\"color:#C9211E\"> <\/span>d\u00e9j\u00e0<span style=\"color:#C9211E\"> <\/span>choisi de poursuivre des \u00e9tudes sup\u00e9rieures dans lesquelles le droit tient une place significative.<\/p>\n\n\n\n<p><\/p>\n\n\n\n<p><\/p>\n\n\n\n<p class=\"has-text-align-right\">M. Colin, responsable de l\u2019option Droit et Grands Enjeux du Monde Contemporain.&nbsp;<\/p>\n","protected":false},"excerpt":{"rendered":"<p>Cette option se d\u00e9veloppe sur trois heures par semaine et compte coefficient 2 au contr\u00f4le continu pour le baccalaur\u00e9at. L\u2019\u00e9valuation se fait par comp\u00e9tences et le travail est r\u00e9alis\u00e9 quasi exclusivement en classe et tr\u00e8s souvent en groupes. Il s\u2019agissait avant tout, pour les \u00e9l\u00e8ves, de se familiariser avec l\u2019environnement du droit et de la [&hellip;]<\/p>\n","protected":false},"author":1,"featured_media":0,"comment_status":"closed","ping_status":"open","sticky":false,"template":"","format":"standard","meta":{"footnotes":""},"categories":[19,35,18],"tags":[39,53,22,32,51],"class_list":["post-1302","post","type-post","status-publish","format-standard","hentry","category-formations","category-option_enseignement_general","category-projets-pedagogiques","tag-actualite","tag-dgemc","tag-formations","tag-options","tag-orientation"],"_links":{"self":[{"href":"https:\/\/www.lmb86.fr\/lycee\/wp-json\/wp\/v2\/posts\/1302","targetHints":{"allow":["GET"]}}],"collection":[{"href":"https:\/\/www.lmb86.fr\/lycee\/wp-json\/wp\/v2\/posts"}],"about":[{"href":"https:\/\/www.lmb86.fr\/lycee\/wp-json\/wp\/v2\/types\/post"}],"author":[{"embeddable":true,"href":"https:\/\/www.lmb86.fr\/lycee\/wp-json\/wp\/v2\/users\/1"}],"replies":[{"embeddable":true,"href":"https:\/\/www.lmb86.fr\/lycee\/wp-json\/wp\/v2\/comments?post=1302"}],"version-history":[{"count":7,"href":"https:\/\/www.lmb86.fr\/lycee\/wp-json\/wp\/v2\/posts\/1302\/revisions"}],"predecessor-version":[{"id":1342,"href":"https:\/\/www.lmb86.fr\/lycee\/wp-json\/wp\/v2\/posts\/1302\/revisions\/1342"}],"wp:attachment":[{"href":"https:\/\/www.lmb86.fr\/lycee\/wp-json\/wp\/v2\/media?parent=1302"}],"wp:term":[{"taxonomy":"category","embeddable":true,"href":"https:\/\/www.lmb86.fr\/lycee\/wp-json\/wp\/v2\/categories?post=1302"},{"taxonomy":"post_tag","embeddable":true,"href":"https:\/\/www.lmb86.fr\/lycee\/wp-json\/wp\/v2\/tags?post=1302"}],"curies":[{"name":"wp","href":"https:\/\/api.w.org\/{rel}","templated":true}]}}