{"id":1096,"date":"2023-08-24T11:15:11","date_gmt":"2023-08-24T10:15:11","guid":{"rendered":"https:\/\/www.lmb86.fr\/lycee\/?p=1096"},"modified":"2023-10-17T07:42:37","modified_gmt":"2023-10-17T06:42:37","slug":"rentree-2023","status":"publish","type":"post","link":"https:\/\/www.lmb86.fr\/lycee\/rentree-2023\/","title":{"rendered":"Rentr\u00e9e 2023"},"content":{"rendered":"\n<p>La rentr\u00e9e scolaire au lyc\u00e9e Marcelin Berthelot se fera sur 2 jours&nbsp;:<\/p>\n\n\n\n<p class=\"has-vivid-red-color has-text-color\"><strong>Lundi 04 septembre 2023<\/strong><\/p>\n\n\n\n<ul class=\"wp-block-list\">\n<li><strong>8H00 <\/strong>&nbsp;: rentr\u00e9e de <strong>tous<\/strong> les \u00e9l\u00e8ves de Seconde<br>Journ\u00e9e consacr\u00e9e \u00e0 la d\u00e9couverte du lyc\u00e9e et de son fonctionnement.<\/li>\n<\/ul>\n\n\n\n<p>Les \u00e9l\u00e8ves termineront tous \u00e0 16 heures.<br>Les manuels scolaires seront distribu\u00e9s le jour de la rentr\u00e9e, merci de pr\u00e9voir un sac en cons\u00e9quence.<\/p>\n\n\n\n<p><em><strong>N.B.\u00a0:<\/strong><\/em><br>\u00a0les \u00e9l\u00e8ves de 2nde GT n\u2019auront pas cours le mardi 05 septembre.<br>\u00a0Les \u00e9l\u00e8ves de seconde circassiens seront pris en charge par l\u2019\u00e9cole de cirque et le lyc\u00e9e le mardi 05 septembre (organisation pr\u00e9cis\u00e9e ci-dessous).<br><\/p>\n\n\n\n<p class=\"has-vivid-red-color has-text-color\"><strong>Mardi 05 septembre 2023<\/strong><\/p>\n\n\n\n<ul class=\"wp-block-list\">\n<li><strong>08H00 \u2013 12h00<\/strong>&nbsp;: rentr\u00e9e des \u00e9l\u00e8ves de premi\u00e8re (pas de cours l\u2019apr\u00e8s-midi).<\/li>\n\n\n\n<li><strong>13H00 \u2013 17h00<\/strong>&nbsp;: rentr\u00e9e des \u00e9l\u00e8ves de terminale<\/li>\n<\/ul>\n\n\n\n<p><em><strong>L\u2019emploi du temps de la classe s\u2019appliquera d\u00e8s le mercredi 06 septembre pour tous les \u00e9l\u00e8ves quel que soit leur niveau (2<sup>nde<\/sup> \u2013 1<sup>\u00e8re<\/sup> \u2013 T<sup>le<\/sup>).<\/strong><\/em><\/p>\n\n\n\n<p>Une <strong>r\u00e9union pour les nouveaux parents de seconde<\/strong> aura lieu le mardi 12 septembre \u00e0 partir de 18h15 \u00e0 l\u2019Angelarde.<\/p>\n\n\n\n<p><\/p>\n\n\n\n<p>  <\/p>\n\n\n\n<p class=\"has-vivid-red-color has-text-color\"><strong>Rentr\u00e9e \u00e0 l&rsquo;\u00e9cole Nationale de Cirque de Ch\u00e2tellerault :<\/strong><\/p>\n\n\n\n<p>Lundi 04\/09 de 14h \u00e0 16h : rentr\u00e9e des \u00e9l\u00e8ves circassiens de terminale<\/p>\n\n\n\n<p>Mardi 05\/09 de 09h \u00e0 11h : prise en charge des \u00e9l\u00e8ves circassiens de seconde<\/p>\n\n\n\n<p>Mardi 05\/09 de 14h \u00e0 16h : accueil des \u00e9l\u00e8ves circassiens de niveau 1\u00e8re<\/p>\n","protected":false},"excerpt":{"rendered":"<p>La rentr\u00e9e scolaire au lyc\u00e9e Marcelin Berthelot se fera sur 2 jours&nbsp;: Lundi 04 septembre 2023 Les \u00e9l\u00e8ves termineront tous \u00e0 16 heures.Les manuels scolaires seront distribu\u00e9s le jour de la rentr\u00e9e, merci de pr\u00e9voir un sac en cons\u00e9quence. N.B.\u00a0:\u00a0les \u00e9l\u00e8ves de 2nde GT n\u2019auront pas cours le mardi 05 septembre.\u00a0Les \u00e9l\u00e8ves de seconde circassiens [&hellip;]<\/p>\n","protected":false},"author":1,"featured_media":0,"comment_status":"closed","ping_status":"open","sticky":false,"template":"","format":"standard","meta":{"footnotes":""},"categories":[9],"tags":[39,14],"class_list":["post-1096","post","type-post","status-publish","format-standard","hentry","category-actualites","tag-actualite","tag-flash"],"_links":{"self":[{"href":"https:\/\/www.lmb86.fr\/lycee\/wp-json\/wp\/v2\/posts\/1096","targetHints":{"allow":["GET"]}}],"collection":[{"href":"https:\/\/www.lmb86.fr\/lycee\/wp-json\/wp\/v2\/posts"}],"about":[{"href":"https:\/\/www.lmb86.fr\/lycee\/wp-json\/wp\/v2\/types\/post"}],"author":[{"embeddable":true,"href":"https:\/\/www.lmb86.fr\/lycee\/wp-json\/wp\/v2\/users\/1"}],"replies":[{"embeddable":true,"href":"https:\/\/www.lmb86.fr\/lycee\/wp-json\/wp\/v2\/comments?post=1096"}],"version-history":[{"count":6,"href":"https:\/\/www.lmb86.fr\/lycee\/wp-json\/wp\/v2\/posts\/1096\/revisions"}],"predecessor-version":[{"id":1104,"href":"https:\/\/www.lmb86.fr\/lycee\/wp-json\/wp\/v2\/posts\/1096\/revisions\/1104"}],"wp:attachment":[{"href":"https:\/\/www.lmb86.fr\/lycee\/wp-json\/wp\/v2\/media?parent=1096"}],"wp:term":[{"taxonomy":"category","embeddable":true,"href":"https:\/\/www.lmb86.fr\/lycee\/wp-json\/wp\/v2\/categories?post=1096"},{"taxonomy":"post_tag","embeddable":true,"href":"https:\/\/www.lmb86.fr\/lycee\/wp-json\/wp\/v2\/tags?post=1096"}],"curies":[{"name":"wp","href":"https:\/\/api.w.org\/{rel}","templated":true}]}}